{"id":56,"date":"2023-05-08T13:43:00","date_gmt":"2023-05-08T17:43:00","guid":{"rendered":"https:\/\/0957120.cpsw-fcsei.com\/tp2\/wordpress\/?p=56"},"modified":"2023-05-08T13:43:00","modified_gmt":"2023-05-08T17:43:00","slug":"alpes-suisses-et-francaises","status":"publish","type":"post","link":"https:\/\/0957120.cpsw-fcsei.com\/tp2\/wordpress\/2023\/05\/08\/alpes-suisses-et-francaises\/","title":{"rendered":"Alpes suisses et fran\u00e7aises"},"content":{"rendered":"\n<ul class=\"wp-block-list\">\n<li>Co\u00fbt: 3000$<\/li>\n\n\n\n<li><span style=\"background-color: var(--wp--preset--color--base); color: var(--wp--preset--color--body-text); font-family: var(--wp--preset--font-family--titillium-web); font-size: var(--wp--preset--font-size--body-text);\">Nombre de jour: 10 jours<\/span><\/li>\n\n\n\n<li><span style=\"background-color: var(--wp--preset--color--base); color: var(--wp--preset--color--body-text); font-family: var(--wp--preset--font-family--titillium-web); font-size: var(--wp--preset--font-size--body-text);\">\u00c9quipement: Bottes de marche, sac \u00e0 dos<\/span><\/li>\n\n\n\n<li>Niveau: Interm\u00e9diaire<\/li>\n<\/ul>\n\n\n\n<p>Les Alpes suisses et fran\u00e7aises sont une cha\u00eene de montagnes situ\u00e9e dans le centre de l&rsquo;Europe, s&rsquo;\u00e9tendant sur plus de 1 200 km. Les Alpes suisses sont situ\u00e9es principalement en Suisse, tandis que les Alpes fran\u00e7aises s&rsquo;\u00e9tendent sur la fronti\u00e8re entre la France et l&rsquo;Italie.<\/p>\n","protected":false},"excerpt":{"rendered":"<p>Les Alpes suisses et fran\u00e7aises sont une cha\u00eene de montagnes situ\u00e9e dans le centre de l&rsquo;Europe, s&rsquo;\u00e9tendant sur plus de 1 200 km. Les Alpes suisses sont situ\u00e9es principalement en Suisse, tandis que les Alpes fran\u00e7aises s&rsquo;\u00e9tendent sur la fronti\u00e8re entre la France et l&rsquo;Italie.<\/p>\n","protected":false},"author":1,"featured_media":53,"comment_status":"open","ping_status":"open","sticky":false,"template":"","format":"standard","meta":{"sfsi_plus_gutenberg_text_before_share":"","sfsi_plus_gutenberg_show_text_before_share":"","sfsi_plus_gutenberg_icon_type":"","sfsi_plus_gutenberg_icon_alignemt":"","sfsi_plus_gutenburg_max_per_row":"","footnotes":""},"categories":[5],"tags":[],"class_list":["post-56","post","type-post","status-publish","format-standard","has-post-thumbnail","hentry","category-voyage"],"_links":{"self":[{"href":"https:\/\/0957120.cpsw-fcsei.com\/tp2\/wordpress\/wp-json\/wp\/v2\/posts\/56","targetHints":{"allow":["GET"]}}],"collection":[{"href":"https:\/\/0957120.cpsw-fcsei.com\/tp2\/wordpress\/wp-json\/wp\/v2\/posts"}],"about":[{"href":"https:\/\/0957120.cpsw-fcsei.com\/tp2\/wordpress\/wp-json\/wp\/v2\/types\/post"}],"author":[{"embeddable":true,"href":"https:\/\/0957120.cpsw-fcsei.com\/tp2\/wordpress\/wp-json\/wp\/v2\/users\/1"}],"replies":[{"embeddable":true,"href":"https:\/\/0957120.cpsw-fcsei.com\/tp2\/wordpress\/wp-json\/wp\/v2\/comments?post=56"}],"version-history":[{"count":1,"href":"https:\/\/0957120.cpsw-fcsei.com\/tp2\/wordpress\/wp-json\/wp\/v2\/posts\/56\/revisions"}],"predecessor-version":[{"id":57,"href":"https:\/\/0957120.cpsw-fcsei.com\/tp2\/wordpress\/wp-json\/wp\/v2\/posts\/56\/revisions\/57"}],"wp:featuredmedia":[{"embeddable":true,"href":"https:\/\/0957120.cpsw-fcsei.com\/tp2\/wordpress\/wp-json\/wp\/v2\/media\/53"}],"wp:attachment":[{"href":"https:\/\/0957120.cpsw-fcsei.com\/tp2\/wordpress\/wp-json\/wp\/v2\/media?parent=56"}],"wp:term":[{"taxonomy":"category","embeddable":true,"href":"https:\/\/0957120.cpsw-fcsei.com\/tp2\/wordpress\/wp-json\/wp\/v2\/categories?post=56"},{"taxonomy":"post_tag","embeddable":true,"href":"https:\/\/0957120.cpsw-fcsei.com\/tp2\/wordpress\/wp-json\/wp\/v2\/tags?post=56"}],"curies":[{"name":"wp","href":"https:\/\/api.w.org\/{rel}","templated":true}]}}